{"id":2451,"date":"2019-05-11T14:11:02","date_gmt":"2019-05-11T12:11:02","guid":{"rendered":"http:\/\/www.jugend-im-berggebiet.ch\/?p=2451"},"modified":"2025-07-08T15:11:09","modified_gmt":"2025-07-08T13:11:09","slug":"rencontre-des-jeunes-delegues","status":"publish","type":"post","link":"https:\/\/www.jugend-im-berggebiet.ch\/fr\/rencontre-des-jeunes-delegues\/","title":{"rendered":"Rencontre des jeunes d\u00e9l\u00e9gu\u00e9s"},"content":{"rendered":"<p><strong>Le 11 mai 2019, vingt-cinq jeunes issus de r\u00e9gions de montagnes de toute la Suisse se sont r\u00e9unis \u00e0 Berne, sous l\u2019\u00e9gide du Groupement suisse pour les r\u00e9gions de montagnes (SAB). <\/strong><!--more--><strong>Ces personnes, r\u00e9unies au sein du \u00ab&nbsp;Forum des jeunes du SAB&nbsp;\u00bb, se sont surtout pench\u00e9es sur l\u2019avenir de leur commune et sur les solutions permettant de lutter contre l\u2019exode.&nbsp;<\/strong><\/p>\n<p>La situation des communes de montagne pr\u00e9occupe les jeunes de toute la Suisse : des \u00e9coles ferment leurs portes, le nombre de lieux de rencontre et de restaurants diminue, des entreprises sont d\u00e9localis\u00e9es dans les centres urbains&#8230; Cependant, les communes ne restent pas inactives face \u00e0 ces changements.<\/p>\n<p><strong>Des mesures efficaces pour am\u00e9liorer l\u2019attractivit\u00e9 des communes<\/strong><\/p>\n<p>Les communes ayant obtenu le label du SAB \u00ab&nbsp;Communes de montagne \u2013 La jeunesse, notre avenir&nbsp;\u00bb sont en constant contact avec leurs jeunes, afin d\u2019am\u00e9liorer leurs conditions de vie. Parmi les mesures introduites jusqu\u2019\u00e0 maintenant, il y a par exemple des horaires de transport mieux adapt\u00e9s (notamment pour les sorties), la cr\u00e9ation de lieux de rencontres et d\u2019\u00e9changes, des offres d\u2019emploi sp\u00e9cialement d\u00e9di\u00e9es \u00e0 la jeunesse, la r\u00e9novation de logements leur \u00e9tant destin\u00e9s ou encore l\u2019ouverture de garderies prenant en charge les enfants des jeunes parents. Thomas Egger, directeur du SAB, s\u2019en r\u00e9jouit&nbsp;: \u00ab&nbsp;L&rsquo;engagement de ces communes fait plaisir \u00e0 voir. Gr\u00e2ce \u00e0 notre label, nous contribuons \u00e0 donner de la visibilit\u00e9 aux communes concern\u00e9es et \u00e0 renforcer leur engagement&nbsp;\u00bb.<\/p>\n<p><strong>Echange de solutions strat\u00e9giques<\/strong><\/p>\n<p>Le Forum des jeunes du SAB ne se focalise pas sur les probl\u00e8mes, mais cherche plut\u00f4t des solutions pour les r\u00e9soudre. \u00ab&nbsp;Je trouve formidable que les jeunes de Safiental (GR) aient r\u00e9ussi \u00e0 convaincre le conseil municipal de nous mettre \u00e0 disposition un local&nbsp;\u00bb, s\u2019enthousiasme Jo\u00ebl Abgottspon de Stalden (VS).<\/p>\n<p>\u00ab&nbsp;De tels exemples nous encouragent et peuvent servir d\u2019inspiration pour d\u2019autres communes&nbsp;\u00bb. En dehors de ce forum, les \u00e9changes entre les jeunes des villages de montagne sont plut\u00f4t rares. \u00ab&nbsp;En raison des distances \u00e0 parcourir, beaucoup de jeunes ne connaissent pas les autres r\u00e9gions de montagnes du pays. N\u00e9anmoins, tous ceux qui vivent en montagne sont g\u00e9n\u00e9ralement confront\u00e9s aux m\u00eames probl\u00e9matiques et peuvent apprendre les uns des autres&nbsp;\u00bb, souligne Moreno Donato (GR), pr\u00e9sident du Forum des jeunes.<\/p>\n<p>Apr\u00e8s cette s\u00e9ance, les membres du Forum du SAB sont retourn\u00e9s dans leur village avec des id\u00e9es nouvelles et le plein de motivation. Les exemples r\u00e9alis\u00e9s par d\u2019autres communes les encouragent \u00e0 s&rsquo;engager pour introduire des mesures concr\u00e8tes qui am\u00e9lioreront leur sort.<\/p>\n<p><u>Informations compl\u00e9mentaires <\/u>:<\/p>\n<ul>\n<li>Thomas Egger, Directeur du SAB et Conseiller national, T\u00e9l. 079 429 12 55<\/li>\n<li>Andrea Koch, responsable pour le label \u00ab Commune de montagne \u2013 La jeunesse, notre avenir \u00bb, T\u00e9l. 076 216 11 20<\/li>\n<\/ul>\n<p><a href=\"https:\/\/www.jugend-im-berggebiet.ch\/wp-content\/uploads\/2025\/07\/19_Medienmitteilung-allgemein_f.pdf\">Communiqu\u00e9 de presse du SAB du 11.05.2019<\/a><\/p>\n","protected":false},"excerpt":{"rendered":"<p>Le 11 mai 2019, vingt-cinq jeunes issus de r\u00e9gions de montagnes de toute la Suisse se sont r\u00e9unis \u00e0 Berne, sous l\u2019\u00e9gide du Groupement suisse pour les r\u00e9gions de montagnes (SAB). (suite\u2026)<\/p>\n","protected":false},"author":5,"featured_media":2452,"comment_status":"closed","ping_status":"closed","sticky":false,"template":"","format":"standard","meta":{"footnotes":""},"categories":[1,30],"tags":[],"class_list":["post-2451","post","type-post","status-publish","format-standard","has-post-thumbnail","hentry","category-allgemein","category-communique-de-presse-du-sab"],"_links":{"self":[{"href":"https:\/\/www.jugend-im-berggebiet.ch\/fr\/wp-json\/wp\/v2\/posts\/2451","targetHints":{"allow":["GET"]}}],"collection":[{"href":"https:\/\/www.jugend-im-berggebiet.ch\/fr\/wp-json\/wp\/v2\/posts"}],"about":[{"href":"https:\/\/www.jugend-im-berggebiet.ch\/fr\/wp-json\/wp\/v2\/types\/post"}],"author":[{"embeddable":true,"href":"https:\/\/www.jugend-im-berggebiet.ch\/fr\/wp-json\/wp\/v2\/users\/5"}],"replies":[{"embeddable":true,"href":"https:\/\/www.jugend-im-berggebiet.ch\/fr\/wp-json\/wp\/v2\/comments?post=2451"}],"version-history":[{"count":2,"href":"https:\/\/www.jugend-im-berggebiet.ch\/fr\/wp-json\/wp\/v2\/posts\/2451\/revisions"}],"predecessor-version":[{"id":4333,"href":"https:\/\/www.jugend-im-berggebiet.ch\/fr\/wp-json\/wp\/v2\/posts\/2451\/revisions\/4333"}],"wp:featuredmedia":[{"embeddable":true,"href":"https:\/\/www.jugend-im-berggebiet.ch\/fr\/wp-json\/wp\/v2\/media\/2452"}],"wp:attachment":[{"href":"https:\/\/www.jugend-im-berggebiet.ch\/fr\/wp-json\/wp\/v2\/media?parent=2451"}],"wp:term":[{"taxonomy":"category","embeddable":true,"href":"https:\/\/www.jugend-im-berggebiet.ch\/fr\/wp-json\/wp\/v2\/categories?post=2451"},{"taxonomy":"post_tag","embeddable":true,"href":"https:\/\/www.jugend-im-berggebiet.ch\/fr\/wp-json\/wp\/v2\/tags?post=2451"}],"curies":[{"name":"wp","href":"https:\/\/api.w.org\/{rel}","templated":true}]}}