{"id":2749,"date":"2019-08-29T20:00:14","date_gmt":"2019-08-29T18:00:14","guid":{"rendered":"http:\/\/www.jugend-im-berggebiet.ch\/?p=2749"},"modified":"2019-08-30T11:39:36","modified_gmt":"2019-08-30T09:39:36","slug":"des-communes-de-montagne-romandes-sengagent-pour-lavenir-de-leur-jeunesse","status":"publish","type":"post","link":"https:\/\/www.jugend-im-berggebiet.ch\/fr\/des-communes-de-montagne-romandes-sengagent-pour-lavenir-de-leur-jeunesse\/","title":{"rendered":"Des communes de montagne romandes s\u2019engagent pour l\u2019avenir de leur jeunesse"},"content":{"rendered":"<p><strong>Sept labels ont \u00e9t\u00e9 remis \u00e0 des communes de montagne soutenant leurs jeunes, le 29 ao\u00fbt \u00e0 l\u2019occasion de l\u2019assembl\u00e9e g\u00e9n\u00e9rale du SAB (Groupement suisse pour les r\u00e9gions de montagnes). Pour la premi\u00e8re fois, ce sont uniquement des communes romandes qui l\u2019ont obtenu. Le label, \u00ab&nbsp;Communes de montagne \u2013 La jeunesse, notre avenir&nbsp;\u00bb <!--more--> vient les r\u00e9compenser pour leur engagement exemplaire en faveur de leur jeunesse, ainsi que pour les mesures concr\u00e8tes qui ont \u00e9t\u00e9 introduites.<\/strong><\/p>\n<p>Le Forum des jeunes du SAB a s\u00e9lectionn\u00e9, apr\u00e8s avoir examin\u00e9 les diff\u00e9rents dossiers, quatre candidatures m\u00e9ritant de recevoir le label \u00ab&nbsp;Communes de montagne \u2013 La jeunesse, notre avenir&nbsp;\u00bb. Il s\u2019agit d\u2019H\u00e9r\u00e9mence, de St-Martin, de la r\u00e9gion Orsi\u00e8res-Liddes (communes d\u2019Orsi\u00e8res et de Liddes) et de celle de Crans-Montana (communes de Crans-Montana, Icogne, et de Lens).<\/p>\n<h3><strong>L\u2019avenir avec des quartiers et maisons des g\u00e9n\u00e9rations<\/strong><\/h3>\n<p>A St-Martin (VS), la commune a cr\u00e9\u00e9 un projet exemplaire, dans le cadre de sa maison des g\u00e9n\u00e9rations. Cette derni\u00e8re comprend un espace de vie d\u00e9di\u00e9 aux jeunes et \u00e0 la garde d\u2019enfants, tout en offrant des appartements prot\u00e9g\u00e9s pour les personnes \u00e2g\u00e9es. Un projet similaire est pr\u00e9vu \u00e0 Liddes (VS). A Orsi\u00e8res, un quartier des g\u00e9n\u00e9rations a aussi \u00e9t\u00e9 lanc\u00e9. Il comprend une structure d\u2019accueil pour les enfants, situ\u00e9e entre les \u00e9coles (de la 5H \u00e0 la 11CO), un \u00e9tablissement m\u00e9dicosocial et le terrain de football. La proximit\u00e9 entre la maison de retraite et les \u00e9coles favorise l\u2019organisation d\u2019activit\u00e9s communes. Un jardin, destin\u00e9 \u00e0 la fois aux jeunes et aux personnes \u00e2g\u00e9es, est pr\u00e9vu. La disposition de ces infrastructures permet de cr\u00e9er des synergies et d&rsquo;am\u00e9liorer la qualit\u00e9 de vie, en favorisant les rencontres interg\u00e9n\u00e9rationnelles. Karine Sierro, Pr\u00e9sidente de la Commune de H\u00e9remence, se r\u00e9jouit de la r\u00e9alisation d\u2019une cr\u00e8che qui s\u2019est ouverte fin janvier de cette ann\u00e9e&nbsp;: \u00ab La cr\u00e8che remporte un franc succ\u00e8s. Elle accueille jusqu\u2019\u00e0 16 enfants de quatre mois au d\u00e9but de la scolarit\u00e9, r\u00e9pondant ainsi \u00e0 un r\u00e9el besoin.&nbsp;\u00bb<\/p>\n<h3><strong>Des moyens participatifs, proactifs et modernes au service des jeunes<\/strong><\/h3>\n<p>La r\u00e9gion Orsi\u00e8res-Liddes a professionnalis\u00e9 la promotion des jeunes. Roxanne di Blasi est employ\u00e9 en tant qu\u2019animatrice socioculturelle de la r\u00e9gion. Elle explique : \u00ab&nbsp;Dans le cadre de l\u2019obtention du label du SAB, nous avons notamment cr\u00e9\u00e9 un r\u00e9seau pour les jeunes. Les jeunes, les conseillers communaux et moi-m\u00eame avons travaill\u00e9 pour d\u00e9velopper des mesures \u00e0 long terme, afin de soutenir la jeunesse, ainsi que les jeunes familles. Cette nouvelle forme de coop\u00e9ration profite \u00e0 toutes les personnes concern\u00e9es&nbsp;\u00bb. Le service d\u2019accueil libre du \u00ab\u00a0Steez\u00a0\u00bb offre aux jeunes de 12 \u00e0 16 ans un large \u00e9ventail d&rsquo;activit\u00e9s.<\/p>\n<p>Pour sa part, la commission Jeunesse de l&rsquo;association intercommunale de Crans-Montana soutient les jeunes dans leur r\u00e9alisation d\u2019id\u00e9es et de projets. Cela se concr\u00e9tise par un appui propos\u00e9 par la d\u00e9l\u00e9gu\u00e9e \u00e0 la jeunesse de la r\u00e9gion, ainsi que par des contributions financi\u00e8res.<\/p>\n<p>Lors de la remise du label aux diff\u00e9rentes communes de montagne, la dynamique entre les repr\u00e9sentants communaux et les jeunes \u00e9tait particuli\u00e8rement perceptible. Le SAB esp\u00e8re avoir l\u2019occasion de soutenir d&rsquo;autres communes de montagne romandes souhaitant s\u2019engager en faveur de la jeunesse. Gr\u00e2ce \u00e0 ce label, le SAB encourage les communes dans leurs efforts pour am\u00e9liorer la qualit\u00e9 de vie, au sein des villages de montagne. Les communes souhaitant l\u2019obtenir ont jusqu\u2019au 10 d\u00e9cembre 2019 pour transmettre leur candidature.<\/p>\n<p><strong><u>Informations compl\u00e9mentaires <\/u><\/strong><strong>:<\/strong><\/p>\n<ul>\n<li>Thomas Egger, directeur du SAB et conseiller national, T\u00e9l. 079 429 12 55<\/li>\n<li>Victorien Moix, conseiller communal de St-Martin, T\u00e9l. 079 786 35 37<\/li>\n<li>Karine Sierro, pr\u00e9sidente d\u2019H\u00e9r\u00e9mence, T\u00e9l. 079 276 59 04<\/li>\n<li>Roxane di Blasi, animatrice socioculturelle \u00e0 Orsi\u00e8res-Liddes, T\u00e9l. 079 884 09 68<\/li>\n<li>Florence Salamin De Ieso, d\u00e9l\u00e9gu\u00e9e \u00e0 la jeunesse, r\u00e9gion Crans-Montana, T\u00e9l. 079 938 87 88<\/li>\n<\/ul>\n<p><strong>Points forts des communes sur notre site internet&nbsp;:<br \/>\n<\/strong>H\u00e9r\u00e9mence&nbsp;: <a href=\"https:\/\/www.jugend-im-berggebiet.ch\/heremence\/?lang=fr\">https:\/\/www.jugend-im-berggebiet.ch\/heremence\/?lang=fr<br \/>\n<\/a>R\u00e9gion Orsi\u00e8res-Liddes&nbsp;: <a href=\"https:\/\/www.jugend-im-berggebiet.ch\/orsieres-liddes\/?lang=fr\">https:\/\/www.jugend-im-berggebiet.ch\/orsieres-liddes\/?lang=fr<br \/>\n<\/a>R\u00e9gion Crans-Montana&nbsp;: <a href=\"https:\/\/www.jugend-im-berggebiet.ch\/region-crans-montana\/?lang=fr\">https:\/\/www.jugend-im-berggebiet.ch\/region-crans-montana\/?lang=fr<br \/>\n<\/a>St. Martin&nbsp;: <a href=\"https:\/\/www.jugend-im-berggebiet.ch\/st-martin\/?lang=fr\">https:\/\/www.jugend-im-berggebiet.ch\/st-martin\/?lang=fr<\/a><\/p>\n<p><a href=\"https:\/\/www.jugend-im-berggebiet.ch\/wp-content\/uploads\/2019\/08\/19_Labelvergabe_Romandie_f.pdf\" target=\"_blank\" rel=\"noopener noreferrer\">Communiqu\u00e9 de presse (pdf)<\/a><\/p>\n","protected":false},"excerpt":{"rendered":"<p>Sept labels ont \u00e9t\u00e9 remis \u00e0 des communes de montagne soutenant leurs jeunes, le 29 ao\u00fbt \u00e0 l\u2019occasion de l\u2019assembl\u00e9e g\u00e9n\u00e9rale du SAB (Groupement suisse pour les r\u00e9gions de montagnes). Pour la premi\u00e8re fois, ce sont uniquement des communes romandes qui l\u2019ont obtenu. Le label, \u00ab&nbsp;Communes de montagne \u2013 La jeunesse, notre avenir&nbsp;\u00bb (suite\u2026)<\/p>\n","protected":false},"author":5,"featured_media":2791,"comment_status":"closed","ping_status":"closed","sticky":false,"template":"","format":"standard","meta":{"footnotes":""},"categories":[1,52,30],"tags":[],"class_list":["post-2749","post","type-post","status-publish","format-standard","has-post-thumbnail","hentry","category-allgemein","category-allgemein-fr","category-communique-de-presse-du-sab"],"_links":{"self":[{"href":"https:\/\/www.jugend-im-berggebiet.ch\/fr\/wp-json\/wp\/v2\/posts\/2749","targetHints":{"allow":["GET"]}}],"collection":[{"href":"https:\/\/www.jugend-im-berggebiet.ch\/fr\/wp-json\/wp\/v2\/posts"}],"about":[{"href":"https:\/\/www.jugend-im-berggebiet.ch\/fr\/wp-json\/wp\/v2\/types\/post"}],"author":[{"embeddable":true,"href":"https:\/\/www.jugend-im-berggebiet.ch\/fr\/wp-json\/wp\/v2\/users\/5"}],"replies":[{"embeddable":true,"href":"https:\/\/www.jugend-im-berggebiet.ch\/fr\/wp-json\/wp\/v2\/comments?post=2749"}],"version-history":[{"count":4,"href":"https:\/\/www.jugend-im-berggebiet.ch\/fr\/wp-json\/wp\/v2\/posts\/2749\/revisions"}],"predecessor-version":[{"id":2792,"href":"https:\/\/www.jugend-im-berggebiet.ch\/fr\/wp-json\/wp\/v2\/posts\/2749\/revisions\/2792"}],"wp:featuredmedia":[{"embeddable":true,"href":"https:\/\/www.jugend-im-berggebiet.ch\/fr\/wp-json\/wp\/v2\/media\/2791"}],"wp:attachment":[{"href":"https:\/\/www.jugend-im-berggebiet.ch\/fr\/wp-json\/wp\/v2\/media?parent=2749"}],"wp:term":[{"taxonomy":"category","embeddable":true,"href":"https:\/\/www.jugend-im-berggebiet.ch\/fr\/wp-json\/wp\/v2\/categories?post=2749"},{"taxonomy":"post_tag","embeddable":true,"href":"https:\/\/www.jugend-im-berggebiet.ch\/fr\/wp-json\/wp\/v2\/tags?post=2749"}],"curies":[{"name":"wp","href":"https:\/\/api.w.org\/{rel}","templated":true}]}}