{"id":2812,"date":"2019-09-16T14:39:16","date_gmt":"2019-09-16T12:39:16","guid":{"rendered":"http:\/\/www.jugend-im-berggebiet.ch\/?p=2812"},"modified":"2025-07-08T11:49:01","modified_gmt":"2025-07-08T09:49:01","slug":"a-la-recherche-de-villages-de-montagne-promouvant-la-jeunesse-2","status":"publish","type":"post","link":"https:\/\/www.jugend-im-berggebiet.ch\/fr\/a-la-recherche-de-villages-de-montagne-promouvant-la-jeunesse-2\/","title":{"rendered":"A la recherche de villages de montagne promouvant la jeunesse"},"content":{"rendered":"<p><strong>Le label \u00ab Commune de montagne \u2013 La jeunesse, notre avenir \u00bb a \u00e9t\u00e9 con\u00e7u pour les communes qui s\u2019engagent en faveur de leur jeunesse. Il permet, aux communes l\u2019ayant obtenu, de d\u00e9montrer ce qu\u2019elles ont concr\u00e8tement entrepris dans ce domaine. <!--more--> Depuis 2015, le label du SAB a \u00e9t\u00e9 d\u00e9cern\u00e9 \u00e0 22 communes. Celles qui souhaitent l\u2019obtenir ont jusqu\u2019au 9 d\u00e9cembre 2019 pour d\u00e9poser leur candidature.<\/strong><\/p>\n<p>De nombreux villages de montagne sont confront\u00e9s \u00e0 l&rsquo;\u00e9migration d\u2019une partie de leur population. Toutefois, de nombreux jeunes souhaitent rester dans leur village, si les conditions le permettent. Le label \u00ab Commune de montagne &#8211; La jeunesse, notre avenir \u00bb constitue une r\u00e9compense et une motivation, en faveur des communes de montagne s\u2019engageant pour l\u2019avenir de leurs jeunes. Ce label permet aussi d\u2019am\u00e9liorer l\u2019image de l\u2019ensemble des r\u00e9gions de montagnes.<\/p>\n<p><strong>Des jeunes impliqu\u00e9s dans la vie communale<br \/>\n<\/strong>Dans le cadre du label, les jeunes ont la possibilit\u00e9 d\u2019influencer le destin de leur commune. Ils rencontrent les autorit\u00e9s communales au moins une fois par an, afin de discuter du d\u00e9veloppement de leur village.<\/p>\n<p><strong>Aussi au niveau national<br \/>\n<\/strong>Afin que leurs souhaits soient \u00e9galement pris en compte au niveau national, les jeunes issus des communes ayant obtenu le label du SAB se r\u00e9unissent une fois par an. Le Forum des jeunes du SAB leur donne la possibilit\u00e9 d\u2019\u00e9changer des id\u00e9es et d\u2019exprimer leurs besoins, notamment par rapport \u00e0 la politique con\u00e7ue en faveur des r\u00e9gions de montagnes. Le SAB reprend ensuite leurs propositions, afin de les int\u00e9grer dans son processus politique.<\/p>\n<p><strong>Pragmatique et efficace<br \/>\n<\/strong>Avant que les communes ne re\u00e7oivent le label du SAB, elles doivent prouver qu&rsquo;elles s&rsquo;engagent, dans divers domaines, en faveur de leurs jeunes. Les proc\u00e9dures de candidature sont adapt\u00e9es aux possibilit\u00e9s et moyens des communes de montagnes. Ce sont les repr\u00e9sentants du Forum des jeunes du SAB qui sont responsables pour l\u2019attribution du label. Selon la devise \u00ab Pour les jeunes \u2013 par les jeunes \u00bb, ce label est exclusivement entre les mains de la jeunesse.<\/p>\n<p>Pour davantage d\u2019informations sur la proc\u00e9dure de candidature&nbsp;: <a href=\"http:\/\/www.jeunesse-en-region-de-montagne.ch\">www.jeunesse-en-region-de-montagne.ch<\/a><\/p>\n<p>&nbsp;<\/p>\n<p><strong><u>Informations compl\u00e9mentaires <\/u><\/strong><strong>:<\/strong><\/p>\n<ul>\n<li>Thomas Egger, directeur du SAB et conseiller national, T\u00e9l. 079 429 12 55<\/li>\n<li>Andrea Koch, collaboratrice SAB, T\u00e9l. 031 \/ 382 10 10<\/li>\n<\/ul>\n<p><a href=\"https:\/\/www.jugend-im-berggebiet.ch\/wp-content\/uploads\/2019\/09\/MM1169_villages-de-montagne-promouvant-la-jeunesse-2.pdf\" target=\"_blank\" rel=\"noopener noreferrer\">Communiqu\u00e9 de presse (pdf)<\/a><\/p>\n","protected":false},"excerpt":{"rendered":"<p>Le label \u00ab Commune de montagne \u2013 La jeunesse, notre avenir \u00bb a \u00e9t\u00e9 con\u00e7u pour les communes qui s\u2019engagent en faveur de leur jeunesse. Il permet, aux communes l\u2019ayant obtenu, de d\u00e9montrer ce qu\u2019elles ont concr\u00e8tement entrepris dans ce domaine. (suite\u2026)<\/p>\n","protected":false},"author":5,"featured_media":2813,"comment_status":"closed","ping_status":"closed","sticky":false,"template":"","format":"standard","meta":{"footnotes":""},"categories":[1,30],"tags":[],"class_list":["post-2812","post","type-post","status-publish","format-standard","has-post-thumbnail","hentry","category-allgemein","category-communique-de-presse-du-sab"],"_links":{"self":[{"href":"https:\/\/www.jugend-im-berggebiet.ch\/fr\/wp-json\/wp\/v2\/posts\/2812","targetHints":{"allow":["GET"]}}],"collection":[{"href":"https:\/\/www.jugend-im-berggebiet.ch\/fr\/wp-json\/wp\/v2\/posts"}],"about":[{"href":"https:\/\/www.jugend-im-berggebiet.ch\/fr\/wp-json\/wp\/v2\/types\/post"}],"author":[{"embeddable":true,"href":"https:\/\/www.jugend-im-berggebiet.ch\/fr\/wp-json\/wp\/v2\/users\/5"}],"replies":[{"embeddable":true,"href":"https:\/\/www.jugend-im-berggebiet.ch\/fr\/wp-json\/wp\/v2\/comments?post=2812"}],"version-history":[{"count":2,"href":"https:\/\/www.jugend-im-berggebiet.ch\/fr\/wp-json\/wp\/v2\/posts\/2812\/revisions"}],"predecessor-version":[{"id":2816,"href":"https:\/\/www.jugend-im-berggebiet.ch\/fr\/wp-json\/wp\/v2\/posts\/2812\/revisions\/2816"}],"wp:featuredmedia":[{"embeddable":true,"href":"https:\/\/www.jugend-im-berggebiet.ch\/fr\/wp-json\/wp\/v2\/media\/2813"}],"wp:attachment":[{"href":"https:\/\/www.jugend-im-berggebiet.ch\/fr\/wp-json\/wp\/v2\/media?parent=2812"}],"wp:term":[{"taxonomy":"category","embeddable":true,"href":"https:\/\/www.jugend-im-berggebiet.ch\/fr\/wp-json\/wp\/v2\/categories?post=2812"},{"taxonomy":"post_tag","embeddable":true,"href":"https:\/\/www.jugend-im-berggebiet.ch\/fr\/wp-json\/wp\/v2\/tags?post=2812"}],"curies":[{"name":"wp","href":"https:\/\/api.w.org\/{rel}","templated":true}]}}