{"id":2870,"date":"2019-11-30T22:23:28","date_gmt":"2019-11-30T21:23:28","guid":{"rendered":"http:\/\/www.jugend-im-berggebiet.ch\/?p=2870"},"modified":"2025-07-08T11:48:15","modified_gmt":"2025-07-08T09:48:15","slug":"rencontre-valaisanne-2","status":"publish","type":"post","link":"https:\/\/www.jugend-im-berggebiet.ch\/fr\/rencontre-valaisanne-2\/","title":{"rendered":"\u00ab Communes de montagne \u2013 La jeunesse notre avenir \u00bb : premi\u00e8re rencontre valaisanne"},"content":{"rendered":"<p><strong>Le 30 novembre 2019, une vingtaine de jeunes issus des communes labellis\u00e9es \u00ab&nbsp;Commune de montagne \u2013 La jeunesse notre avenir&nbsp;\u00bb se sont r\u00e9unis \u00e0 Crans-Montana. Ils ont \u00e9chang\u00e9 leurs exp\u00e9riences en lien avec les communes : \u00e0 quels probl\u00e8mes, bonnes pratiques et solutions les jeunes des r\u00e9gions de montagne sont-ils confront\u00e9s?&nbsp; L&rsquo;\u00e9v\u00e9nement a \u00e9t\u00e9 organis\u00e9 par le Groupement suisse pour les r\u00e9gions de montagne (SAB) et le D\u00e9l\u00e9gu\u00e9 \u00e0 la jeunesse du Canton du Valais. <\/strong><\/p>\n<p>Situation du logement, offre de loisirs et mobilit\u00e9 dans les villages de montagne : ces sujets ont fait l&rsquo;objet de discussions intensives, par groupes, durant la matin\u00e9e. Cette rencontre a \u00e9galement offert un cadre destin\u00e9 \u00e0 faire connaissance et \u00e0 \u00e9changer de mani\u00e8re informelle : un petit-d\u00e9jeuner pour lancer la journ\u00e9e, tout comme un repas de midi compos\u00e9 de sp\u00e9cialit\u00e9s de montagne provenant des diff\u00e9rentes r\u00e9gions. Le soutien de l&rsquo;Association des Communes de Crans-Montana (ACCM) a permis une bonne organisation et un cadre id\u00e9al pour cette rencontre.<\/p>\n<p><strong>Location d&rsquo;appartements bon march\u00e9 et r\u00e9nov\u00e9s<\/strong><\/p>\n<p>Les r\u00e9sultats des ateliers ont permis de faire ressortir que l&rsquo;offre de logements locatifs est un enjeu crucial pour de nombreux jeunes, lorsqu&rsquo;il s&rsquo;agit de d\u00e9m\u00e9nager ou rester dans leur commune d\u2019origine. Dans les zones touristiques en particulier, les appartements construits par des investisseurs ext\u00e9rieurs apparaissent trop on\u00e9reux ou trop grands pour les besoins des jeunes. Dans d&rsquo;autres villages, il y existe un nombre \u00e9lev\u00e9 de vieux logements vacants, mais que personne ne convertit en appartements modernis\u00e9s. Du point de vue des jeunes, ce probl\u00e8me ne devrait pas seulement \u00eatre abord\u00e9 par les municipalit\u00e9s mais aussi se discuter au niveau national : la possibilit\u00e9 de r\u00e9affecter de vieilles constructions non habit\u00e9es devrait \u00eatre encourag\u00e9e.<\/p>\n<p><strong>La perception des jeunes par le conseil communal<\/strong><\/p>\n<p>\u00ab\u00a0La communication constructive avec la commune est un \u00e9l\u00e9ment imporant\u00a0\u00bb, conclut l&rsquo;animateur du workshop \u00ab\u00a0Loisirs\u00a0\u00bb. Pour que les associations de jeunesse puissent s&rsquo;organiser, il faut d&rsquo;abord un espace appropri\u00e9, par exemple un local de jeunes. Le soutien de la commune appara\u00eet ainsi important aux yeux des jeunes. Les associations de jeunesse elles-m\u00eames se disent motiv\u00e9es \u00e0 apporter leur engagement et dynamisme en faveur de la communaut\u00e9 : l\u2019organisation d\u2019activit\u00e9s pour tous les groupes d&rsquo;\u00e2ge dans le village, par exemple, peut favoriser positivement l&rsquo;image que la population peut avoir des soci\u00e9t\u00e9s de jeunesse et, en outre, favoriser les \u00e9changes interg\u00e9n\u00e9rationnels.<\/p>\n<p><strong>Mobilit\u00e9 : examiner les approches r\u00e9gionales<\/strong><\/p>\n<p>La question des transports a \u00e9galement \u00e9t\u00e9 soulev\u00e9e durant cette rencontre. Les possibilit\u00e9s de transport sont per\u00e7ues comme souvent mal coordonn\u00e9es. Cela est le cas aussi bien lors de manifestations locales que lors de trajets dans d&rsquo;autres r\u00e9gions du canton. L&rsquo;introduction d&rsquo;un \u00ab\u00a0pass jeunesse\u00a0\u00bb r\u00e9gional est l\u2019une des id\u00e9es \u00e9mises \u00e0 cette occasion. En outre, les prix et les horaires devraient \u00eatre adapt\u00e9s aux besoins des jeunes, en particulier pour les correspondances en soir\u00e9e lors du week-end.<\/p>\n<p><strong><u>Contacts :<\/u><\/strong><\/p>\n<ul>\n<li>C\u00e9dric Bonnebault, D\u00e9l\u00e9gu\u00e9 \u00e0 la jeunesse du Canton du Valais, T\u00e9l : 077 423 36 31 31<\/li>\n<li>Andrea Koch, Responsable du label, T\u00e9l : 076 216 11 20<\/li>\n<li>Thomas Egger, Directeur du SAB, T\u00e9l. 079 429 12 55 55<\/li>\n<\/ul>\n<p>5 photos : <a href=\"https:\/\/photos.app.goo.gl\/ySzWe4R86pF5L4vL7\">https:\/\/photos.app.goo.gl\/ySzWe4R86pF5L4vL7<\/a><\/p>\n<ul>\n<li>Figure 3 : Les jeunes discutent de la mani\u00e8re d&rsquo;am\u00e9liorer la situation du logement des jeunes dans les villages de montagne.<\/li>\n<li>Photo 4 : Les jeunes appr\u00e9cient le buffet de midi, compos\u00e9 des sp\u00e9cialit\u00e9s des diff\u00e9rentes communes dont ils sont issus<\/li>\n<\/ul>\n<p><a href=\"https:\/\/www.jugend-im-berggebiet.ch\/wp-content\/uploads\/2019\/11\/19_MM_Rencontre_valaisanne.pdf\">Communique de presse (pdf)<\/a><\/p>\n","protected":false},"excerpt":{"rendered":"<p>Le 30 novembre 2019, une vingtaine de jeunes issus des communes labellis\u00e9es \u00ab&nbsp;Commune de montagne \u2013 La jeunesse notre avenir&nbsp;\u00bb se sont r\u00e9unis \u00e0 Crans-Montana. Ils ont \u00e9chang\u00e9 leurs exp\u00e9riences en lien avec les communes : \u00e0 quels probl\u00e8mes, bonnes pratiques et solutions les jeunes des r\u00e9gions de montagne sont-ils confront\u00e9s?&nbsp; L&rsquo;\u00e9v\u00e9nement a \u00e9t\u00e9 organis\u00e9 [&hellip;]<\/p>\n","protected":false},"author":5,"featured_media":2871,"comment_status":"closed","ping_status":"closed","sticky":false,"template":"","format":"standard","meta":{"footnotes":""},"categories":[1,30],"tags":[],"class_list":["post-2870","post","type-post","status-publish","format-standard","has-post-thumbnail","hentry","category-allgemein","category-communique-de-presse-du-sab"],"_links":{"self":[{"href":"https:\/\/www.jugend-im-berggebiet.ch\/fr\/wp-json\/wp\/v2\/posts\/2870","targetHints":{"allow":["GET"]}}],"collection":[{"href":"https:\/\/www.jugend-im-berggebiet.ch\/fr\/wp-json\/wp\/v2\/posts"}],"about":[{"href":"https:\/\/www.jugend-im-berggebiet.ch\/fr\/wp-json\/wp\/v2\/types\/post"}],"author":[{"embeddable":true,"href":"https:\/\/www.jugend-im-berggebiet.ch\/fr\/wp-json\/wp\/v2\/users\/5"}],"replies":[{"embeddable":true,"href":"https:\/\/www.jugend-im-berggebiet.ch\/fr\/wp-json\/wp\/v2\/comments?post=2870"}],"version-history":[{"count":3,"href":"https:\/\/www.jugend-im-berggebiet.ch\/fr\/wp-json\/wp\/v2\/posts\/2870\/revisions"}],"predecessor-version":[{"id":4248,"href":"https:\/\/www.jugend-im-berggebiet.ch\/fr\/wp-json\/wp\/v2\/posts\/2870\/revisions\/4248"}],"wp:featuredmedia":[{"embeddable":true,"href":"https:\/\/www.jugend-im-berggebiet.ch\/fr\/wp-json\/wp\/v2\/media\/2871"}],"wp:attachment":[{"href":"https:\/\/www.jugend-im-berggebiet.ch\/fr\/wp-json\/wp\/v2\/media?parent=2870"}],"wp:term":[{"taxonomy":"category","embeddable":true,"href":"https:\/\/www.jugend-im-berggebiet.ch\/fr\/wp-json\/wp\/v2\/categories?post=2870"},{"taxonomy":"post_tag","embeddable":true,"href":"https:\/\/www.jugend-im-berggebiet.ch\/fr\/wp-json\/wp\/v2\/tags?post=2870"}],"curies":[{"name":"wp","href":"https:\/\/api.w.org\/{rel}","templated":true}]}}