{"id":2895,"date":"2020-02-13T15:48:44","date_gmt":"2020-02-13T14:48:44","guid":{"rendered":"http:\/\/www.jugend-im-berggebiet.ch\/?p=2895"},"modified":"2025-07-08T11:47:34","modified_gmt":"2025-07-08T09:47:34","slug":"orsieres-liddes-bel-developpement-en-quelques-mois","status":"publish","type":"post","link":"https:\/\/www.jugend-im-berggebiet.ch\/fr\/orsieres-liddes-bel-developpement-en-quelques-mois\/","title":{"rendered":"Orsi\u00e8res-Liddes : beau d\u00e9v\u00e9loppement en quelques mois"},"content":{"rendered":"<p>Beaucoup de choses ont d\u00e9j\u00e0 chang\u00e9, depuis que les communes d&rsquo;Orsi\u00e8res et de Liddes &#8211; situ\u00e9es dans le Val d&rsquo;Entremont &#8211; ont obtenu le label du SAB \u00ab\u00a0Communes de montagne &#8211; La jeunesse, notre avenir\u00a0\u00bb en ao\u00fbt 2019.<\/p>\n<ul>\n<li><strong>Forum r\u00e9gional jeunesse<\/strong> &#8211; Le 21 octobre 2019, un forum r\u00e9gional de la jeunesse a \u00e9t\u00e9 organis\u00e9 pour l&rsquo;ensemble de la vall\u00e9e. Les invit\u00e9s \u00e9taient des jeunes de 16 \u00e0 30 ans. Des pr\u00e9occupations concr\u00e8tes, ainsi que des id\u00e9es de projets, y ont \u00e9t\u00e9 discut\u00e9es et \u00e9labor\u00e9es. Les r\u00e9sultats seront pr\u00e9sent\u00e9s aux communes, au cours du premier semestre 2020. <a href=\"https:\/\/www.jugend-im-berggebiet.ch\/wp-content\/uploads\/2020\/02\/FORUM-des-Jeunes-Val-Entrement_2.jpeg\" target=\"_blank\" rel=\"noopener noreferrer\">Voir photo<\/a><\/li>\n<li><strong>Premi\u00e8re cr\u00e8che pour la vall\u00e9e<\/strong> &#8211; A Orsi\u00e8res, la premi\u00e8re cr\u00e8che du Val d&rsquo;Entremont a \u00e9t\u00e9 ouverte en novembre. L&rsquo;unit\u00e9 d&rsquo;accueil pour \u00e9coliers peut prendre en charge 48 enfants, la cr\u00e8che 34. <a href=\"https:\/\/www.jugend-im-berggebiet.ch\/wp-content\/uploads\/2020\/02\/La-premie\u0300re-UAPE-cre\u0300che-nurserie-de-la-valle\u0301e....pdf\" target=\"_blank\" rel=\"noopener noreferrer\">Voir article de presse<\/a><\/li>\n<li><strong>Des activit\u00e9s propos\u00e9es par les jeunes<\/strong> &#8211; L&rsquo;organisation \u00ab\u00a0Jeunesse active de la C\u00f4te sur Orsi\u00e8res\u00a0\u00bb a organis\u00e9 des activit\u00e9s pour les villageois, durant l&rsquo;Action 72h. Diverses offres ont \u00e9t\u00e9 propos\u00e9es, en particulier pour les \u00e9coliers et pour les personnes \u00e2g\u00e9es. Par exemple, une journ\u00e9e de ski, des randonn\u00e9es en raquettes, une soir\u00e9e fondue et une visite dans une maison de retraite ont \u00e9t\u00e9 r\u00e9alis\u00e9es. <a href=\"https:\/\/www.jugend-im-berggebiet.ch\/wp-content\/uploads\/2020\/02\/Les-jeunes-de-la-Co\u0302te-sur-Orsie\u0300res-s\u2019engagent-pour....pdf\" target=\"_blank\" rel=\"noopener noreferrer\">Voir article de presse<\/a><\/li>\n<\/ul>\n<p>Un bel exemple de dynamisme de la part des communes labellis\u00e9 \u00ab\u00a0commune de montagne &#8211; jeunesse notre avenir\u00a0\u00bb s&rsquo;engageant pour l&rsquo;avenir de leur commune de montagne. &nbsp;<\/p>\n<p><em>Image: Discussions au forum des jeunes du Val d&rsquo;Entremont<\/em><\/p>\n","protected":false},"excerpt":{"rendered":"<p>Beaucoup de choses ont d\u00e9j\u00e0 chang\u00e9, depuis que les communes d&rsquo;Orsi\u00e8res et de Liddes &#8211; situ\u00e9es dans le Val d&rsquo;Entremont &#8211; ont obtenu le label du SAB \u00ab\u00a0Communes de montagne &#8211; La jeunesse, notre avenir\u00a0\u00bb en ao\u00fbt 2019. Forum r\u00e9gional jeunesse &#8211; Le 21 octobre 2019, un forum r\u00e9gional de la jeunesse a \u00e9t\u00e9 organis\u00e9 [&hellip;]<\/p>\n","protected":false},"author":5,"featured_media":2896,"comment_status":"closed","ping_status":"closed","sticky":false,"template":"","format":"standard","meta":{"footnotes":""},"categories":[1,52,36],"tags":[],"class_list":["post-2895","post","type-post","status-publish","format-standard","has-post-thumbnail","hentry","category-allgemein","category-allgemein-fr","category-article-du-journal"],"_links":{"self":[{"href":"https:\/\/www.jugend-im-berggebiet.ch\/fr\/wp-json\/wp\/v2\/posts\/2895","targetHints":{"allow":["GET"]}}],"collection":[{"href":"https:\/\/www.jugend-im-berggebiet.ch\/fr\/wp-json\/wp\/v2\/posts"}],"about":[{"href":"https:\/\/www.jugend-im-berggebiet.ch\/fr\/wp-json\/wp\/v2\/types\/post"}],"author":[{"embeddable":true,"href":"https:\/\/www.jugend-im-berggebiet.ch\/fr\/wp-json\/wp\/v2\/users\/5"}],"replies":[{"embeddable":true,"href":"https:\/\/www.jugend-im-berggebiet.ch\/fr\/wp-json\/wp\/v2\/comments?post=2895"}],"version-history":[{"count":5,"href":"https:\/\/www.jugend-im-berggebiet.ch\/fr\/wp-json\/wp\/v2\/posts\/2895\/revisions"}],"predecessor-version":[{"id":4247,"href":"https:\/\/www.jugend-im-berggebiet.ch\/fr\/wp-json\/wp\/v2\/posts\/2895\/revisions\/4247"}],"wp:featuredmedia":[{"embeddable":true,"href":"https:\/\/www.jugend-im-berggebiet.ch\/fr\/wp-json\/wp\/v2\/media\/2896"}],"wp:attachment":[{"href":"https:\/\/www.jugend-im-berggebiet.ch\/fr\/wp-json\/wp\/v2\/media?parent=2895"}],"wp:term":[{"taxonomy":"category","embeddable":true,"href":"https:\/\/www.jugend-im-berggebiet.ch\/fr\/wp-json\/wp\/v2\/categories?post=2895"},{"taxonomy":"post_tag","embeddable":true,"href":"https:\/\/www.jugend-im-berggebiet.ch\/fr\/wp-json\/wp\/v2\/tags?post=2895"}],"curies":[{"name":"wp","href":"https:\/\/api.w.org\/{rel}","templated":true}]}}