{"id":2906,"date":"2020-03-03T13:20:55","date_gmt":"2020-03-03T12:20:55","guid":{"rendered":"http:\/\/www.jugend-im-berggebiet.ch\/?p=2906"},"modified":"2025-07-08T11:46:24","modified_gmt":"2025-07-08T09:46:24","slug":"forum-des-jeunes-2020","status":"publish","type":"post","link":"https:\/\/www.jugend-im-berggebiet.ch\/fr\/forum-des-jeunes-2020\/","title":{"rendered":"Forum des jeunes du SAB le 28 mars"},"content":{"rendered":"<p><strong>Nous vous informons que le&nbsp;Forum des jeunes du SAB 2020 du&nbsp;<\/strong><strong>le 28 mars, a d\u00fb \u00eatre annull\u00e9 (r\u00e9strictions corona).<\/strong><\/p>\n<p>Les autres d\u00e9lais sont toujours en vigueur.&nbsp;<\/p>\n<p>Les diff\u00e9rents acteurs seront inform\u00e9s plus en d\u00e9tail.&nbsp;<\/p>\n<p>&nbsp;<\/p>\n","protected":false},"excerpt":{"rendered":"<p>Nous vous informons que le&nbsp;Forum des jeunes du SAB 2020 du&nbsp;le 28 mars, a d\u00fb \u00eatre annull\u00e9 (r\u00e9strictions corona). Les autres d\u00e9lais sont toujours en vigueur.&nbsp; Les diff\u00e9rents acteurs seront inform\u00e9s plus en d\u00e9tail.&nbsp; &nbsp;<\/p>\n","protected":false},"author":5,"featured_media":2907,"comment_status":"closed","ping_status":"closed","sticky":false,"template":"","format":"standard","meta":{"footnotes":""},"categories":[1,52],"tags":[],"class_list":["post-2906","post","type-post","status-publish","format-standard","has-post-thumbnail","hentry","category-allgemein","category-allgemein-fr"],"_links":{"self":[{"href":"https:\/\/www.jugend-im-berggebiet.ch\/fr\/wp-json\/wp\/v2\/posts\/2906","targetHints":{"allow":["GET"]}}],"collection":[{"href":"https:\/\/www.jugend-im-berggebiet.ch\/fr\/wp-json\/wp\/v2\/posts"}],"about":[{"href":"https:\/\/www.jugend-im-berggebiet.ch\/fr\/wp-json\/wp\/v2\/types\/post"}],"author":[{"embeddable":true,"href":"https:\/\/www.jugend-im-berggebiet.ch\/fr\/wp-json\/wp\/v2\/users\/5"}],"replies":[{"embeddable":true,"href":"https:\/\/www.jugend-im-berggebiet.ch\/fr\/wp-json\/wp\/v2\/comments?post=2906"}],"version-history":[{"count":4,"href":"https:\/\/www.jugend-im-berggebiet.ch\/fr\/wp-json\/wp\/v2\/posts\/2906\/revisions"}],"predecessor-version":[{"id":4246,"href":"https:\/\/www.jugend-im-berggebiet.ch\/fr\/wp-json\/wp\/v2\/posts\/2906\/revisions\/4246"}],"wp:featuredmedia":[{"embeddable":true,"href":"https:\/\/www.jugend-im-berggebiet.ch\/fr\/wp-json\/wp\/v2\/media\/2907"}],"wp:attachment":[{"href":"https:\/\/www.jugend-im-berggebiet.ch\/fr\/wp-json\/wp\/v2\/media?parent=2906"}],"wp:term":[{"taxonomy":"category","embeddable":true,"href":"https:\/\/www.jugend-im-berggebiet.ch\/fr\/wp-json\/wp\/v2\/categories?post=2906"},{"taxonomy":"post_tag","embeddable":true,"href":"https:\/\/www.jugend-im-berggebiet.ch\/fr\/wp-json\/wp\/v2\/tags?post=2906"}],"curies":[{"name":"wp","href":"https:\/\/api.w.org\/{rel}","templated":true}]}}