{"id":2929,"date":"2020-04-08T08:02:12","date_gmt":"2020-04-08T06:02:12","guid":{"rendered":"http:\/\/www.jugend-im-berggebiet.ch\/?p=2929"},"modified":"2025-07-08T11:45:31","modified_gmt":"2025-07-08T09:45:31","slug":"nouvelle-presidente","status":"publish","type":"post","link":"https:\/\/www.jugend-im-berggebiet.ch\/fr\/nouvelle-presidente\/","title":{"rendered":"Le Forum des jeunes du SAB a une nouvelle pr\u00e9sidente !"},"content":{"rendered":"<p><strong>En raison de la crise du coronavirus, les jeunes issus des 22 communes ayant obtenu le label du SAB &#8211; \u00ab&nbsp;Commune de montagne \u2013 La jeunesse, notre avenir&nbsp;\u00bb &#8211; n\u2019ont pas pu se rencontrer physiquement. Cependant, ils sont tout de m\u00eame parvenus \u00e0 se<\/strong> <strong>rencontrer par des voies digitales, durant le mois de mars, <\/strong><strong>pour r\u00e9gler plusieurs questions. Ils se sont notamment pench\u00e9s sur les candidatures de cinq communes d\u00e9sirant obtenir le label du SAB. Ils ont aussi \u00e9lu une nouvelle pr\u00e9sidente.&nbsp; <\/strong><\/p>\n<p>C\u2019est au moyen d&rsquo;un formulaire que les jeunes ont \u00e9valu\u00e9 les candidatures des cinq communes souhaitant obtenir le label du SAB. Elles ont toutes \u00e9t\u00e9 approuv\u00e9es par le Forum des jeunes. Les communes en question recevront leur label \u00e0 l\u2019issue de l\u2019Assembl\u00e9e g\u00e9n\u00e9rale du SAB qui aura lieu le 27 ao\u00fbt 2020 \u00e0 Campra (TI). C\u2019est \u00e0 ce moment que leurs noms seront d\u00e9voil\u00e9s. &nbsp;D\u2019autre part, les jeunes ont \u00e9lu une nouvelle pr\u00e9sidente, en la personne de Sarina Caduff, \u00e2g\u00e9e de 20 ans et provenant de Lugnez (GR). Apr\u00e8s son \u00e9lection, Sarina Caduff a indiqu\u00e9 quelle \u00e9tait sa motivation&nbsp;: \u00ab&nbsp;Les jeunes g\u00e9n\u00e9rations, constituent l&rsquo;avenir des r\u00e9gions de montagnes. Parce que mon pays me tient \u00e0 c\u0153ur, j&rsquo;aimerais m\u2019engager, avec les jeunes d&rsquo;autres cantons, pour l\u2019avenir des r\u00e9gions de montagnes.&nbsp;\u00bb Son pr\u00e9d\u00e9cesseur, Moreno Donato, a pr\u00e9sid\u00e9 le Forum des jeunes depuis sa fondation, en 2015. Il a ainsi jou\u00e9 un r\u00f4le majeur dans le d\u00e9veloppement de cet organe.<\/p>\n<p><strong>\u00c9change d&rsquo;id\u00e9es et d&rsquo;exp\u00e9riences lors de la Journ\u00e9e d\u2019\u00e9tude du 28 ao\u00fbt<\/strong><\/p>\n<p>Les communes, ayant obtenu le label du SAB, ont exp\u00e9riment\u00e9 diverses mesures et ont acquis une pr\u00e9cieuse exp\u00e9rience, en mati\u00e8re de politique en faveur de la jeunesse. Ces actions figurent notamment dans les \u00e9valuations annuelles r\u00e9dig\u00e9es par les communes et leurs jeunes, puis transmis au SAB. Ces exp\u00e9riences et id\u00e9es seront discut\u00e9es, \u00e0 l\u2019occasion de la Journ\u00e9e d\u2019\u00e9tude intitul\u00e9e&nbsp;: \u00ab&nbsp;Rester ou partir &#8211; Perspectives pour les jeunes des r\u00e9gions de montagnes&nbsp;\u00bb. Cette rencontre aura lieu le 28 ao\u00fbt \u00e0 Campra (TI).<\/p>\n<p><u>Personnes de contact : <\/u><\/p>\n<ul>\n<li>Thomas Egger, Directeur du SAB, T\u00e9l. 079 429 12 55<\/li>\n<li>Andrea Koch, Responsable du label \u00ab&nbsp;Commune de montagne &#8211; La jeunesse, notre avenir&nbsp;\u00bb, T\u00e9l. 076 216 11 20<\/li>\n<\/ul>\n<p><em>Image: Sarina Caduff (gauche) remplace Moreno Donato (droite) \u00e0 la pr\u00e9sidence du Forum des jeunes du SAB<\/em><\/p>\n","protected":false},"excerpt":{"rendered":"<p>En raison de la crise du coronavirus, les jeunes issus des 22 communes ayant obtenu le label du SAB &#8211; \u00ab&nbsp;Commune de montagne \u2013 La jeunesse, notre avenir&nbsp;\u00bb &#8211; n\u2019ont pas pu se rencontrer physiquement. Cependant, ils sont tout de m\u00eame parvenus \u00e0 se rencontrer par des voies digitales, durant le mois de mars, pour [&hellip;]<\/p>\n","protected":false},"author":5,"featured_media":2930,"comment_status":"closed","ping_status":"closed","sticky":false,"template":"","format":"standard","meta":{"footnotes":""},"categories":[1,30],"tags":[],"class_list":["post-2929","post","type-post","status-publish","format-standard","has-post-thumbnail","hentry","category-allgemein","category-communique-de-presse-du-sab"],"_links":{"self":[{"href":"https:\/\/www.jugend-im-berggebiet.ch\/fr\/wp-json\/wp\/v2\/posts\/2929","targetHints":{"allow":["GET"]}}],"collection":[{"href":"https:\/\/www.jugend-im-berggebiet.ch\/fr\/wp-json\/wp\/v2\/posts"}],"about":[{"href":"https:\/\/www.jugend-im-berggebiet.ch\/fr\/wp-json\/wp\/v2\/types\/post"}],"author":[{"embeddable":true,"href":"https:\/\/www.jugend-im-berggebiet.ch\/fr\/wp-json\/wp\/v2\/users\/5"}],"replies":[{"embeddable":true,"href":"https:\/\/www.jugend-im-berggebiet.ch\/fr\/wp-json\/wp\/v2\/comments?post=2929"}],"version-history":[{"count":2,"href":"https:\/\/www.jugend-im-berggebiet.ch\/fr\/wp-json\/wp\/v2\/posts\/2929\/revisions"}],"predecessor-version":[{"id":4245,"href":"https:\/\/www.jugend-im-berggebiet.ch\/fr\/wp-json\/wp\/v2\/posts\/2929\/revisions\/4245"}],"wp:featuredmedia":[{"embeddable":true,"href":"https:\/\/www.jugend-im-berggebiet.ch\/fr\/wp-json\/wp\/v2\/media\/2930"}],"wp:attachment":[{"href":"https:\/\/www.jugend-im-berggebiet.ch\/fr\/wp-json\/wp\/v2\/media?parent=2929"}],"wp:term":[{"taxonomy":"category","embeddable":true,"href":"https:\/\/www.jugend-im-berggebiet.ch\/fr\/wp-json\/wp\/v2\/categories?post=2929"},{"taxonomy":"post_tag","embeddable":true,"href":"https:\/\/www.jugend-im-berggebiet.ch\/fr\/wp-json\/wp\/v2\/tags?post=2929"}],"curies":[{"name":"wp","href":"https:\/\/api.w.org\/{rel}","templated":true}]}}