{"id":2745,"date":"2019-08-29T20:00:53","date_gmt":"2019-08-29T18:00:53","guid":{"rendered":"http:\/\/www.jugend-im-berggebiet.ch\/?p=2745"},"modified":"2025-07-08T15:12:45","modified_gmt":"2025-07-08T13:12:45","slug":"dei-comuni-di-montagna-simpegnano-per-il-futuro-della-loro-gioventu","status":"publish","type":"post","link":"https:\/\/www.jugend-im-berggebiet.ch\/it\/dei-comuni-di-montagna-simpegnano-per-il-futuro-della-loro-gioventu\/","title":{"rendered":"Dei comuni di montagna s\u2019impegnano per il futuro della loro giovent\u00f9"},"content":{"rendered":"<p><strong>Berna. Il 29 agosto in occasione dell\u2019assemblea generale del SAB (Gruppo svizzero per le regioni di montagna) sono stati consegnati sette marchi a dei comuni di montagna che sostengono la loro giovent\u00f9. <!--more--> Il marchio \u00ab&nbsp;Comuni di montagna \u2013 La giovent\u00f9, il nostro futuro\u00bb li ha ricompensati per il loro impegno esemplare a favore dei loro giovani, oltre che per le misure concrete che sono state introdotte. <\/strong><\/p>\n<p>Il Forum dei giovani del SAB ha selezionato, dopo aver esaminato i differenti dossier, quattro candidature che meritano di ricevere il marchio \u00ab&nbsp;Comuni di montagna \u2013 La giovent\u00f9, il nostro futuro&nbsp;\u00bb. Si tratta di H\u00e9r\u00e9mence, di St-Martin, della regione Orsi\u00e8res-Liddes (comuni di Orsi\u00e8res e di Liddes) e di quella di Crans-Montana (comuni di Crans-Montana, Icogne, e di Lens).<\/p>\n<h3><strong>Il futuro con dei quartieri e delle residenze intergenerazionali <\/strong><\/h3>\n<p>A St-Martin (VS), il comune ha creato un progetto esemplare, nell\u2019ambito della sua residenza intergenerazionale. Quest\u2019ultima comprende uno spazio di vita dedicato ai giovani e alla custodia dei bambini, offrendo nello stesso tempo degli appartamenti protetti per le persone anziane. Un progetto simile \u00e8 previsto a Liddes (VS). A Orsi\u00e8res, \u00e8 stato anche creato un quartiere intergenerazionale. Comprende una struttura di accoglienza per i bambini, situata tra le scuole (dalla 5H alla 11CO), un istituto medico-sociale e un campo di calcio. La vicinanza tra la casa di riposo e le scuole favorisce l\u2019organizzazione di attivit\u00e0 comuni. \u00c8 previsto un giardino, destinato sia ai giovani che alle persone anziane. La disposizione di queste infrastrutture permette di creare delle sinergie e di migliorare la qualit\u00e0 di vita, favorendo i contatti intergenerazionali. Karine Sierro, Presidente del Comune di H\u00e9remence, si rallegra della realizzazione di un asilo nido che \u00e8 stato aperto alla fine di gennaio di quest\u2019anno&nbsp;: \u00ab L\u2019asilo nido sta ottenendo un grande successo. Accoglie sino a 16 bambini da quattro mesi sino all\u2019inizio della scolarizzazione, rispondendo cos\u00ec a un bisogno reale.&nbsp;\u00bb<\/p>\n<h3><strong>Degli strumenti partecipativi, proattivi e moderni al servizio dei giovani <\/strong><\/h3>\n<p>La regione di Orsi\u00e8res-Liddes ha professionalizzato la promozione dei giovani. Roxanne di Blasi \u00e8 impiegata come animatrice socioculturale della regione. Spiega che : \u00ab&nbsp;Nell\u2019ambito dell\u2019ottenimento del marchio del SAB, abbiamo creato in particolare una rete per la giovent\u00f9. I giovani, i consiglieri comunali ed io stessa abbiamo lavorato per sviluppare delle misure a lungo termine, per sostenere la giovent\u00f9 ed anche&nbsp; le giovani famiglie. Questa nuova forma di cooperazione va a vantaggio di tutte le persone interessate&nbsp;\u00bb. Il servizio di accoglienza libero di &#8220;Steez&#8221; offre ai giovani dai 12 ai 16 anni un ampia offerta di attivit\u00e0. Da parte sua, la commissione Giovent\u00f9 dell\u2019associazione intercomunale di Crans-Montana sostiene i propri giovani nella realizzazione d\u2019idee e di progetti. Tutto ci\u00f2 si concretizza in un appoggio offerto dal delegato alla giovent\u00f9 della regione, oltre che da contributi finanziari.<\/p>\n<p>In occasione della consegna del marchio ai differenti comuni di montagna, la dinamica tra i rappresentanti comunali e i giovani era particolarmente evidente. Grazie a questo marchio, il SAB incoraggia i comuni nei loro sforzi per migliorare la qualit\u00e0 di vita, all\u2019interno dei villaggi di montagna. I comuni che desiderino ottenere il marchio hanno tempo sino al 10 dicembre 2019 per sottoporre la loro candidatura.<\/p>\n<p><strong><u>Informazioni complementari <\/u><\/strong><strong>:<\/strong><\/p>\n<ul>\n<li>Thomas Egger, direttore del SAB e consigliere nazionale, Tel. 079 429 12 55<\/li>\n<li>Victorien Moix, consigliere comunale di St-Martin, Tel. 079 786 35 37<\/li>\n<li>Karine Sierro, presidente di H\u00e9r\u00e9mence, Tel. 079 276 59 04<\/li>\n<li>Roxane di Blasi, animatrice socioculturale a Orsi\u00e8res-Liddes, Tel. 079 884 09 68<\/li>\n<li>Florence Salamin De Ieso, delegato alla giovent\u00f9, regione di Crans-Montana, Tel. 079 938 87 88<\/li>\n<\/ul>\n<p><strong>Punti forti dei comuni sul nostro sito Internet&nbsp;:<br \/>\n<\/strong>H\u00e9r\u00e9mence : <a href=\"https:\/\/www.jugend-im-berggebiet.ch\/heremence\/?lang=it\">www.jugend-im-berggebiet.ch\/heremence<br \/>\n<\/a>Regione Orsi\u00e8res-Liddes : <a href=\"https:\/\/www.jugend-im-berggebiet.ch\/orsieres-liddes\/?lang=it\">www.jugend-im-berggebiet.ch\/orsieres-liddes<\/a><br \/>\nRegione Crans-Montana : <a href=\"https:\/\/www.jugend-im-berggebiet.ch\/regione-crans-montana\/?lang=it\">www.jugend-im-berggebiet.ch\/regione-crans-montana<br \/>\n<\/a>St. Martin : <a href=\"https:\/\/www.jugend-im-berggebiet.ch\/st-martin\/?lang=it\">www.jugend-im-berggebiet.ch\/st-martin<\/a><\/p>\n<p><a href=\"https:\/\/www.jugend-im-berggebiet.ch\/wp-content\/uploads\/2019\/08\/19_Labelvergabe_jugendfreundlich_it-docx.pdf\" target=\"_blank\" rel=\"noopener noreferrer\">Comunicato stampa<\/a><\/p>\n","protected":false},"excerpt":{"rendered":"<p>Berna. Il 29 agosto in occasione dell\u2019assemblea generale del SAB (Gruppo svizzero per le regioni di montagna) sono stati consegnati sette marchi a dei comuni di montagna che sostengono la loro giovent\u00f9. (altro&hellip;)<\/p>\n","protected":false},"author":5,"featured_media":2755,"comment_status":"closed","ping_status":"closed","sticky":false,"template":"","format":"standard","meta":{"footnotes":""},"categories":[1,31],"tags":[],"class_list":["post-2745","post","type-post","status-publish","format-standard","has-post-thumbnail","hentry","category-allgemein","category-comunicato-stampa-del-sab"],"_links":{"self":[{"href":"https:\/\/www.jugend-im-berggebiet.ch\/it\/wp-json\/wp\/v2\/posts\/2745","targetHints":{"allow":["GET"]}}],"collection":[{"href":"https:\/\/www.jugend-im-berggebiet.ch\/it\/wp-json\/wp\/v2\/posts"}],"about":[{"href":"https:\/\/www.jugend-im-berggebiet.ch\/it\/wp-json\/wp\/v2\/types\/post"}],"author":[{"embeddable":true,"href":"https:\/\/www.jugend-im-berggebiet.ch\/it\/wp-json\/wp\/v2\/users\/5"}],"replies":[{"embeddable":true,"href":"https:\/\/www.jugend-im-berggebiet.ch\/it\/wp-json\/wp\/v2\/comments?post=2745"}],"version-history":[{"count":5,"href":"https:\/\/www.jugend-im-berggebiet.ch\/it\/wp-json\/wp\/v2\/posts\/2745\/revisions"}],"predecessor-version":[{"id":4334,"href":"https:\/\/www.jugend-im-berggebiet.ch\/it\/wp-json\/wp\/v2\/posts\/2745\/revisions\/4334"}],"wp:featuredmedia":[{"embeddable":true,"href":"https:\/\/www.jugend-im-berggebiet.ch\/it\/wp-json\/wp\/v2\/media\/2755"}],"wp:attachment":[{"href":"https:\/\/www.jugend-im-berggebiet.ch\/it\/wp-json\/wp\/v2\/media?parent=2745"}],"wp:term":[{"taxonomy":"category","embeddable":true,"href":"https:\/\/www.jugend-im-berggebiet.ch\/it\/wp-json\/wp\/v2\/categories?post=2745"},{"taxonomy":"post_tag","embeddable":true,"href":"https:\/\/www.jugend-im-berggebiet.ch\/it\/wp-json\/wp\/v2\/tags?post=2745"}],"curies":[{"name":"wp","href":"https:\/\/api.w.org\/{rel}","templated":true}]}}